{"id":2,"__str__":"Presta\u00e7\u00e3o de contas do Legislativo","link_detail_backend":"/audiencia/2","metadata":{},"numero":3,"ano":2020,"nome":"Presta\u00e7\u00e3o de contas do Legislativo","tema":"3\u00ba quadrimestre de 2019","data":"2020-02-19","hora_inicio":"15:30","hora_fim":"16:30","observacao":"Ocorreu assim que a presta\u00e7\u00e3o de contas do executivo foi conclu\u00edda.","audiencia_cancelada":false,"url_audio":"","url_video":"","upload_pauta":null,"upload_ata":null,"upload_anexo":null,"materia":18755,"tipo":1,"parlamentar_autor":null,"requerimento":null}